{"id":738,"date":"2020-07-02T18:50:40","date_gmt":"2020-07-02T17:50:40","guid":{"rendered":"http:\/\/blog.enredandopalabras.es\/?p=738"},"modified":"2020-07-04T14:16:31","modified_gmt":"2020-07-04T13:16:31","slug":"no-claudicar","status":"publish","type":"post","link":"http:\/\/blog.enredandopalabras.es\/?p=738","title":{"rendered":"No claudicar"},"content":{"rendered":"\n<p>Olvidar es claudicar, as\u00ed que si olvidamos, claudicamos y&nbsp; traicionamos uno de los principales legados de nuestros familiares asesinados y represaliados: la resistencia. Hubo muchas formas de resistir, unas m\u00e1s activas y otras m\u00e1s pasivas pero todas igual de v\u00e1lidas. Tan heroico fue jugarse la vida en los montes, soportar las torturas sin delatar a los camaradas, organizar reuniones clandestinas, tejer redes de solidaridad entre las familias de los presos republicanos, repartir octavillas y esconder a los perseguidos,al igual que&nbsp; heroico fue algo tan sencillo como no olvidar, contar la historia familiar, transmitirla, rescatarla del silencio impuesto, nombrar a los que deb\u00edan ser nombrados y tejer el imprescindible hilo de la memoria que el r\u00e9gimen se empe\u00f1aba en destruir. Mi abuela tuvo siempre una memoria fant\u00e1stica, que le permiti\u00f3 ser la guardiana de nuestra historia familiar, una historia m\u00e1s de las millones de historias de los republicanos que perdieron su lucha tit\u00e1nica y desigual contra el fascismo. Gracias a ella yo pude comprender qui\u00e9n era y de d\u00f3nde ven\u00eda. Porque su resistencia contra el olvido nos salv\u00f3 a todos, a los vivos&nbsp; y a los muertos, y nos ayud\u00f3 a no claudicar.<\/p>\n\n\n\n<p>\u00a9Marisa Pe\u00f1a<\/p>\n\n\n\n<p><\/p>\n","protected":false},"excerpt":{"rendered":"<p>Olvidar es claudicar, as\u00ed que si olvidamos, claudicamos y&nbsp; traicionamos uno de los principales legados de nuestros familiares asesinados y represaliados: la resistencia. Hubo muchas formas de resistir, unas m\u00e1s activas y otras m\u00e1s pasivas pero todas igual de v\u00e1lidas. Tan heroico fue jugarse la vida en los montes, soportar las torturas sin delatar a &hellip; <a href=\"http:\/\/blog.enredandopalabras.es\/?p=738\" class=\"more-link\">Continuar leyendo<span class=\"screen-reader-text\"> \u00abNo claudicar\u00bb<\/span><\/a><\/p>\n","protected":false},"author":1,"featured_media":737,"comment_status":"open","ping_status":"open","sticky":false,"template":"","format":"standard","meta":{"footnotes":""},"categories":[14,1,17,15,6],"tags":[],"class_list":["post-738","post","type-post","status-publish","format-standard","has-post-thumbnail","hentry","category-el-album-familiar","category-general","category-memoria-historica","category-prosa","category-rescatando-la-memoria"],"_links":{"self":[{"href":"http:\/\/blog.enredandopalabras.es\/index.php?rest_route=\/wp\/v2\/posts\/738","targetHints":{"allow":["GET"]}}],"collection":[{"href":"http:\/\/blog.enredandopalabras.es\/index.php?rest_route=\/wp\/v2\/posts"}],"about":[{"href":"http:\/\/blog.enredandopalabras.es\/index.php?rest_route=\/wp\/v2\/types\/post"}],"author":[{"embeddable":true,"href":"http:\/\/blog.enredandopalabras.es\/index.php?rest_route=\/wp\/v2\/users\/1"}],"replies":[{"embeddable":true,"href":"http:\/\/blog.enredandopalabras.es\/index.php?rest_route=%2Fwp%2Fv2%2Fcomments&post=738"}],"version-history":[{"count":2,"href":"http:\/\/blog.enredandopalabras.es\/index.php?rest_route=\/wp\/v2\/posts\/738\/revisions"}],"predecessor-version":[{"id":740,"href":"http:\/\/blog.enredandopalabras.es\/index.php?rest_route=\/wp\/v2\/posts\/738\/revisions\/740"}],"wp:featuredmedia":[{"embeddable":true,"href":"http:\/\/blog.enredandopalabras.es\/index.php?rest_route=\/wp\/v2\/media\/737"}],"wp:attachment":[{"href":"http:\/\/blog.enredandopalabras.es\/index.php?rest_route=%2Fwp%2Fv2%2Fmedia&parent=738"}],"wp:term":[{"taxonomy":"category","embeddable":true,"href":"http:\/\/blog.enredandopalabras.es\/index.php?rest_route=%2Fwp%2Fv2%2Fcategories&post=738"},{"taxonomy":"post_tag","embeddable":true,"href":"http:\/\/blog.enredandopalabras.es\/index.php?rest_route=%2Fwp%2Fv2%2Ftags&post=738"}],"curies":[{"name":"wp","href":"https:\/\/api.w.org\/{rel}","templated":true}]}}