{"id":778,"date":"2020-12-31T15:20:49","date_gmt":"2020-12-31T14:20:49","guid":{"rendered":"http:\/\/blog.enredandopalabras.es\/?p=778"},"modified":"2020-12-31T15:20:50","modified_gmt":"2020-12-31T14:20:50","slug":"un-ano-para-no-olvidar","status":"publish","type":"post","link":"http:\/\/blog.enredandopalabras.es\/?p=778","title":{"rendered":"Un a\u00f1o para no olvidar"},"content":{"rendered":"\n<p>Ya se acaba el a\u00f1o que nos enfrent\u00f3 a la verdad y nos record\u00f3 el valor de la resistencia y la solidaridad. El a\u00f1o en que los infames fueron m\u00e1s infames y los generosos m\u00e1s generosos.\u00a0 El a\u00f1o en que mi hija sali\u00f3 al campo de batalla y los restos de su adolescencia se hicieron a\u00f1icos contando pacientes muertos. El a\u00f1o en que no pudimos velar a nuestros muertos. El a\u00f1o en que comprend\u00ed a mi abuela y a su generaci\u00f2n de resistentes improvisados.Un a\u00f1o para no olvidar. Yo al menos no podr\u00e9 hacerlo.<\/p>\n\n\n\n<figure class=\"wp-block-image size-large is-resized\"><img loading=\"lazy\" decoding=\"async\" src=\"http:\/\/blog.enredandopalabras.es\/wp-content\/uploads\/2020\/12\/FB_IMG_1609423896935-1.jpg\" alt=\"\" class=\"wp-image-780\" width=\"630\" height=\"930\" srcset=\"https:\/\/enredandopalabras.es\/wp-content\/uploads\/2020\/12\/FB_IMG_1609423896935-1.jpg 650w, https:\/\/enredandopalabras.es\/wp-content\/uploads\/2020\/12\/FB_IMG_1609423896935-1-203x300.jpg 203w\" sizes=\"auto, (max-width: 709px) 85vw, (max-width: 909px) 67vw, (max-width: 984px) 61vw, (max-width: 1362px) 45vw, 600px\" \/><figcaption>Mi angel blanco en su centro de Salud con sus compa\u00f1eras. Abril de 2020.<\/figcaption><\/figure>\n","protected":false},"excerpt":{"rendered":"<p>Ya se acaba el a\u00f1o que nos enfrent\u00f3 a la verdad y nos record\u00f3 el valor de la resistencia y la solidaridad. El a\u00f1o en que los infames fueron m\u00e1s infames y los generosos m\u00e1s generosos.\u00a0 El a\u00f1o en que mi hija sali\u00f3 al campo de batalla y los restos de su adolescencia se hicieron &hellip; <a href=\"http:\/\/blog.enredandopalabras.es\/?p=778\" class=\"more-link\">Continuar leyendo<span class=\"screen-reader-text\"> \u00abUn a\u00f1o para no olvidar\u00bb<\/span><\/a><\/p>\n","protected":false},"author":1,"featured_media":0,"comment_status":"open","ping_status":"open","sticky":false,"template":"","format":"standard","meta":{"footnotes":""},"categories":[1],"tags":[28,27],"class_list":["post-778","post","type-post","status-publish","format-standard","hentry","category-general","tag-marisa-pena","tag-prosa"],"_links":{"self":[{"href":"http:\/\/blog.enredandopalabras.es\/index.php?rest_route=\/wp\/v2\/posts\/778","targetHints":{"allow":["GET"]}}],"collection":[{"href":"http:\/\/blog.enredandopalabras.es\/index.php?rest_route=\/wp\/v2\/posts"}],"about":[{"href":"http:\/\/blog.enredandopalabras.es\/index.php?rest_route=\/wp\/v2\/types\/post"}],"author":[{"embeddable":true,"href":"http:\/\/blog.enredandopalabras.es\/index.php?rest_route=\/wp\/v2\/users\/1"}],"replies":[{"embeddable":true,"href":"http:\/\/blog.enredandopalabras.es\/index.php?rest_route=%2Fwp%2Fv2%2Fcomments&post=778"}],"version-history":[{"count":2,"href":"http:\/\/blog.enredandopalabras.es\/index.php?rest_route=\/wp\/v2\/posts\/778\/revisions"}],"predecessor-version":[{"id":782,"href":"http:\/\/blog.enredandopalabras.es\/index.php?rest_route=\/wp\/v2\/posts\/778\/revisions\/782"}],"wp:attachment":[{"href":"http:\/\/blog.enredandopalabras.es\/index.php?rest_route=%2Fwp%2Fv2%2Fmedia&parent=778"}],"wp:term":[{"taxonomy":"category","embeddable":true,"href":"http:\/\/blog.enredandopalabras.es\/index.php?rest_route=%2Fwp%2Fv2%2Fcategories&post=778"},{"taxonomy":"post_tag","embeddable":true,"href":"http:\/\/blog.enredandopalabras.es\/index.php?rest_route=%2Fwp%2Fv2%2Ftags&post=778"}],"curies":[{"name":"wp","href":"https:\/\/api.w.org\/{rel}","templated":true}]}}